{"id":3862,"date":"2013-11-19T12:00:44","date_gmt":"2013-11-19T11:00:44","guid":{"rendered":"http:\/\/www.blaess.fr\/christophe\/?p=3862"},"modified":"2013-11-30T05:37:53","modified_gmt":"2013-11-30T04:37:53","slug":"conference-du-firmware-sur-microcontroleur-a-lapplication-embarquee","status":"publish","type":"post","link":"https:\/\/www.blaess.fr\/christophe\/2013\/11\/19\/conference-du-firmware-sur-microcontroleur-a-lapplication-embarquee\/","title":{"rendered":"Du firmware sur micro-contr\u00f4leur \u00e0 l&rsquo;application embarqu\u00e9e"},"content":{"rendered":"<p style=\"text-align: justify;\">Dans le cadre du s\u00e9minaire \u00ab\u00a0<a title=\"http:\/\/www.captronic.fr\/Du-microcontroleur-au-PC-embarque.html\" href=\"http:\/\/www.captronic.fr\/Du-microcontroleur-au-PC-embarque.html\" target=\"_blank\">Du micro-contr\u00f4leur au PC embarqu\u00e9<\/a>\u00a0\u00bb organis\u00e9 \u00e0 Villeneuve d&rsquo;Ascq par <a title=\"http:\/\/www.captronic.fr\/\" href=\"http:\/\/www.captronic.fr\/\" target=\"_blank\">Cap&rsquo;Tronic<\/a> et le Parc Scientifique de la Haute Borne , j&rsquo;ai pr\u00e9sent\u00e9 aujourd&rsquo;hui une conf\u00e9rence sur la transition que repr\u00e9sente, pour un d\u00e9veloppeur accoutum\u00e9 \u00e0 la programmation de micro-contr\u00f4leur, l&rsquo;\u00e9volution vers une application s&rsquo;ex\u00e9cutant sur un syst\u00e8me Linux embarqu\u00e9.<\/p>\n<p style=\"text-align: justify;\">Le contenu de ma pr\u00e9sentation intitul\u00e9e \u00ab\u00a0<em>Du firmware sur micro-contr\u00f4leur \u00e0 l&rsquo;application embarqu\u00e9e&nbsp;: Architectures, techniques et m\u00e9thodes logicielles<\/em>\u00a0\u00bb est <a title=\"http:\/\/www.logilin.fr\/pdf\/villeneuve-d-ascq-11-2013.pdf\" href=\"http:\/\/www.logilin.fr\/pdf\/villeneuve-d-ascq-11-2013.pdf\">disponible ici<\/a>.<\/p>","protected":false},"excerpt":{"rendered":"<p>Dans le cadre du s&eacute;minaire &laquo;&nbsp;Du micro-contr&ocirc;leur au PC embarqu&eacute;&nbsp;&raquo; organis&eacute; &agrave; Villeneuve d&rsquo;Ascq par Cap&rsquo;Tronic et le Parc Scientifique de la Haute Borne , j&rsquo;ai pr&eacute;sent&eacute; aujourd&rsquo;hui une conf&eacute;rence sur la transition que repr&eacute;sente, pour un d&eacute;veloppeur accoutum&eacute; &agrave; la programmation de micro-contr&ocirc;leur, l&rsquo;&eacute;volution vers une application s&rsquo;ex&eacute;cutant sur un syst&egrave;me Linux embarqu&eacute;. Le [&hellip;]<\/p>","protected":false},"author":1,"featured_media":0,"comment_status":"open","ping_status":"open","sticky":false,"template":"","format":"standard","meta":{"footnotes":""},"categories":[8,16,10],"tags":[],"class_list":["post-3862","post","type-post","status-publish","format-standard","hentry","category-linux-2","category-microcontroleur","category-microprocesseur"],"_links":{"self":[{"href":"https:\/\/www.blaess.fr\/christophe\/wp-json\/wp\/v2\/posts\/3862","targetHints":{"allow":["GET"]}}],"collection":[{"href":"https:\/\/www.blaess.fr\/christophe\/wp-json\/wp\/v2\/posts"}],"about":[{"href":"https:\/\/www.blaess.fr\/christophe\/wp-json\/wp\/v2\/types\/post"}],"author":[{"embeddable":true,"href":"https:\/\/www.blaess.fr\/christophe\/wp-json\/wp\/v2\/users\/1"}],"replies":[{"embeddable":true,"href":"https:\/\/www.blaess.fr\/christophe\/wp-json\/wp\/v2\/comments?post=3862"}],"version-history":[{"count":5,"href":"https:\/\/www.blaess.fr\/christophe\/wp-json\/wp\/v2\/posts\/3862\/revisions"}],"predecessor-version":[{"id":3878,"href":"https:\/\/www.blaess.fr\/christophe\/wp-json\/wp\/v2\/posts\/3862\/revisions\/3878"}],"wp:attachment":[{"href":"https:\/\/www.blaess.fr\/christophe\/wp-json\/wp\/v2\/media?parent=3862"}],"wp:term":[{"taxonomy":"category","embeddable":true,"href":"https:\/\/www.blaess.fr\/christophe\/wp-json\/wp\/v2\/categories?post=3862"},{"taxonomy":"post_tag","embeddable":true,"href":"https:\/\/www.blaess.fr\/christophe\/wp-json\/wp\/v2\/tags?post=3862"}],"curies":[{"name":"wp","href":"https:\/\/api.w.org\/{rel}","templated":true}]}}