{"id":824,"date":"2011-05-30T18:03:46","date_gmt":"2011-05-30T17:03:46","guid":{"rendered":"http:\/\/www.blaess.fr\/christophe\/?p=824"},"modified":"2011-05-30T18:03:46","modified_gmt":"2011-05-30T17:03:46","slug":"actu-3-0-finalement","status":"publish","type":"post","link":"https:\/\/www.blaess.fr\/christophe\/2011\/05\/30\/actu-3-0-finalement\/","title":{"rendered":"[ACTU] 3.0 finalement&#8230;"},"content":{"rendered":"<p style=\"text-align: justify;\"><a href=\"http:\/\/www.blaess.fr\/christophe\/wp-content\/uploads\/2011\/05\/Grub-Linux-3.0.gif\"><img loading=\"lazy\" decoding=\"async\" class=\"alignright size-full wp-image-825\" style=\"margin: 10px;\" title=\"Grub-Linux-3.0\" src=\"http:\/\/www.blaess.fr\/christophe\/wp-content\/uploads\/2011\/05\/Grub-Linux-3.0.gif\" alt=\"\" width=\"300\" height=\"117\" \/><\/a><\/p>\n<p style=\"text-align: justify;\">Comme je l&rsquo;avais \u00e9voque dans un <a title=\"[ACTU] 2.8 ou 3.0&nbsp;?\" href=\"http:\/\/www.blaess.fr\/christophe\/2011\/05\/24\/actu-2-8-ou-3-0\/\">pr\u00e9c\u00e9dent article<\/a>, Linus Torvalds avait d\u00e9cid\u00e9 de basculer la num\u00e9rotation des noyaux Linux en 2.8 ou 3.0. Il s&rsquo;est finalement d\u00e9cid\u00e9 pour 3.0, et a publi\u00e9 cette nuit une version de test <em>release-candidate<\/em> 3.0.0-rc1. Il a d&rsquo;ailleurs clairement d\u00e9clar\u00e9 dans son <a title=\"http:\/\/article.gmane.org\/gmane.linux.kernel\/1147415\" href=\"http:\/\/article.gmane.org\/gmane.linux.kernel\/1147415\">message<\/a> sur la <em>mailing list<\/em> de d\u00e9veloppement du kernel que ce changement de num\u00e9ro majeur n&rsquo;aurait pas plus de r\u00e9percussions que les \u00e9volutions de versions mineures auxquelles nous sommes habitu\u00e9s.<\/p>\n<p style=\"text-align: justify;\">Il a simplement envie de marquer ainsi les vingt ans de Linux&#8230;<\/p>\n<p>\n<!--more-->\n<\/p>\n<p style=\"text-align: justify;\">Je n&rsquo;ai \u00e9videmment pas r\u00e9sist\u00e9 au plaisir de compiler un noyau (de test pour la version) 3.0 sur mon poste de travail. En voici les traces&nbsp;:<\/p>\n<pre>[~]$ <strong>uname -a<\/strong>\nLinux tr-a-0 <strong>3.0.0-rc1-cpb<\/strong> #1 SMP Mon May 30 17:18:35 CEST 2011 i686 i686 i386 GNU\/Linux\n[~]$ <strong>dmesg | head<\/strong>\n[    0.000000] Initializing cgroup subsys cpuset\n[    0.000000] Initializing cgroup subsys cpu\n[    0.000000] Linux version <strong>3.0.0-rc1-cpb<\/strong> (root@tr-a-0) (gcc version 4.5.1 20100924 (Red Hat 4.5.1-4) (GCC) ) #1 SMP Mon May 30 17:18:35 CEST 2011\n[    0.000000] BIOS-provided physical RAM map:\n[    0.000000]  BIOS-e820: 0000000000000000 - 000000000009fc00 (usable)\n[    0.000000]  BIOS-e820: 00000000000f0000 - 0000000000100000 (reserved)\n[    0.000000]  BIOS-e820: 0000000000100000 - 00000000bfe53c00 (usable)\n[    0.000000]  BIOS-e820: 00000000bfe53c00 - 00000000bfe55c00 (ACPI NVS)\n[    0.000000]  BIOS-e820: 00000000bfe55c00 - 00000000bfe57c00 (ACPI data)\n[    0.000000]  BIOS-e820: 00000000bfe57c00 - 00000000c0000000 (reserved)\n[~]$<\/pre>","protected":false},"excerpt":{"rendered":"<p>Comme je l&rsquo;avais &eacute;voque dans un pr&eacute;c&eacute;dent article, Linus Torvalds avait d&eacute;cid&eacute; de basculer la num&eacute;rotation des noyaux Linux en 2.8 ou 3.0. Il s&rsquo;est finalement d&eacute;cid&eacute; pour 3.0, et a publi&eacute; cette nuit une version de test release-candidate 3.0.0-rc1. Il a d&rsquo;ailleurs clairement d&eacute;clar&eacute; dans son message sur la mailing list de d&eacute;veloppement du [&hellip;]<\/p>","protected":false},"author":1,"featured_media":0,"comment_status":"open","ping_status":"open","sticky":false,"template":"","format":"standard","meta":{"footnotes":""},"categories":[3,8],"tags":[],"class_list":["post-824","post","type-post","status-publish","format-standard","hentry","category-actualite","category-linux-2"],"_links":{"self":[{"href":"https:\/\/www.blaess.fr\/christophe\/wp-json\/wp\/v2\/posts\/824","targetHints":{"allow":["GET"]}}],"collection":[{"href":"https:\/\/www.blaess.fr\/christophe\/wp-json\/wp\/v2\/posts"}],"about":[{"href":"https:\/\/www.blaess.fr\/christophe\/wp-json\/wp\/v2\/types\/post"}],"author":[{"embeddable":true,"href":"https:\/\/www.blaess.fr\/christophe\/wp-json\/wp\/v2\/users\/1"}],"replies":[{"embeddable":true,"href":"https:\/\/www.blaess.fr\/christophe\/wp-json\/wp\/v2\/comments?post=824"}],"version-history":[{"count":0,"href":"https:\/\/www.blaess.fr\/christophe\/wp-json\/wp\/v2\/posts\/824\/revisions"}],"wp:attachment":[{"href":"https:\/\/www.blaess.fr\/christophe\/wp-json\/wp\/v2\/media?parent=824"}],"wp:term":[{"taxonomy":"category","embeddable":true,"href":"https:\/\/www.blaess.fr\/christophe\/wp-json\/wp\/v2\/categories?post=824"},{"taxonomy":"post_tag","embeddable":true,"href":"https:\/\/www.blaess.fr\/christophe\/wp-json\/wp\/v2\/tags?post=824"}],"curies":[{"name":"wp","href":"https:\/\/api.w.org\/{rel}","templated":true}]}}