{"id":999,"date":"2011-07-26T10:18:25","date_gmt":"2011-07-26T09:18:25","guid":{"rendered":"http:\/\/www.blaess.fr\/christophe\/?p=999"},"modified":"2011-07-26T10:18:25","modified_gmt":"2011-07-26T09:18:25","slug":"actu-2-6-cest-fini","status":"publish","type":"post","link":"https:\/\/www.blaess.fr\/christophe\/2011\/07\/26\/actu-2-6-cest-fini\/","title":{"rendered":"[ACTU] 2.6 c&rsquo;est fini&#8230;"},"content":{"rendered":"<p style=\"text-align: justify;\">Absent depuis quelques jours (pour cause de Festival d&rsquo;Avignon) je n&rsquo;ai pas encore salu\u00e9 le basculement d\u00e9finitif sur la branche 3.0 du noyau Linux survenu vendredi dernier. Un peu plus t\u00f4t que <a title=\"[ACTU] 3.0 finalement\u2026\" href=\"http:\/\/www.blaess.fr\/christophe\/2011\/05\/30\/actu-3-0-finalement\/\" target=\"_blank\">je l&rsquo;imaginais initialement<\/a>.<\/p>\n<p>\n<!--more-->\n<\/p>\n<p style=\"text-align: justify;\">Les r\u00e9pertoires du d\u00e9p\u00f4t central <a title=\"http:\/\/www.kernel.org\" href=\"http:\/\/www.kernel.org\/\" target=\"_blank\">Linux Kernel<\/a> ont \u00e9t\u00e9 mis \u00e0 jour, et on trouve<\/p>\n<ul>\n<li style=\"text-align: justify;\">Les archives des sources stables dans le r\u00e9pertoire <a title=\"http:\/\/www.kernel.org\/pub\/linux\/kernel\/v3.0\/\" href=\"http:\/\/www.kernel.org\/pub\/linux\/kernel\/v3.0\/\" target=\"_blank\">http:\/\/www.kernel.org\/pub\/linux\/kernel\/v3.0\/<\/a>;<\/li>\n<li style=\"text-align: justify;\">Les noyaux de test <em>pre-release<\/em> dans <a title=\"http:\/\/www.kernel.org\/pub\/linux\/kernel\/v3.0\/testing\/v3.0\/\" href=\"http:\/\/www.kernel.org\/pub\/linux\/kernel\/v3.0\/testing\/v3.0\/\" target=\"_blank\">http:\/\/www.kernel.org\/pub\/linux\/kernel\/v3.0\/testing\/v3.0\/<\/a>;<\/li>\n<li style=\"text-align: justify;\">Les images quotidiennes du d\u00e9veloppement du noyau dans <a title=\"http:\/\/www.kernel.org\/pub\/linux\/kernel\/v3.0\/snapshots\/\" href=\"http:\/\/www.kernel.org\/pub\/linux\/kernel\/v3.0\/snapshots\/\" target=\"_blank\">http:\/\/www.kernel.org\/pub\/linux\/kernel\/v3.0\/snapshots\/<\/a>;<\/li>\n<\/ul>\n<p>&nbsp;<\/p>\n<p style=\"text-align: justify;\">J&rsquo;ajouterais qu&rsquo;un nouveau patch <em>Preempt-RT<\/em> (pour am\u00e9liorer les fonctionnalit\u00e9s temps-r\u00e9el du noyau standard) a \u00e9t\u00e9 publi\u00e9 hier pour le noyau 3.0<\/p>\n<p style=\"padding-left: 30px;\"><a title=\"http:\/\/www.kernel.org\/pub\/linux\/kernel\/projects\/rt\/patch-3.0-rt3.patch.bz2\" href=\"http:\/\/www.kernel.org\/pub\/linux\/kernel\/projects\/rt\/patch-3.0-rt3.patch.bz2\" target=\"_blank\">http:\/\/www.kernel.org\/pub\/linux\/kernel\/projects\/rt\/patch-3.0-rt3.patch.bz2<\/a><\/p>\n<p style=\"text-align: justify;\">ainsi qu&rsquo;une archive d\u00e9taillant tous les petits patches inclus dans le pr\u00e9c\u00e9dent<\/p>\n<p style=\"padding-left: 30px;\"><a title=\"http:\/\/www.kernel.org\/pub\/linux\/kernel\/projects\/rt\/patches-3.0-rt3.tar.bz2\" href=\"http:\/\/www.kernel.org\/pub\/linux\/kernel\/projects\/rt\/patches-3.0-rt3.tar.bz2\" target=\"_blank\">http:\/\/www.kernel.org\/pub\/linux\/kernel\/projects\/rt\/patches-3.0-rt3.tar.bz2<\/a><\/p>\n<p style=\"text-align: justify;\">Je testerai ce nouveau patch <em>Preempt-RT<\/em> rapidement&#8230;<\/p>","protected":false},"excerpt":{"rendered":"<p>Absent depuis quelques jours (pour cause de Festival d&rsquo;Avignon) je n&rsquo;ai pas encore salu&eacute; le basculement d&eacute;finitif sur la branche 3.0 du noyau Linux survenu vendredi dernier. Un peu plus t&ocirc;t que je l&rsquo;imaginais initialement.<\/p>","protected":false},"author":1,"featured_media":0,"comment_status":"open","ping_status":"open","sticky":false,"template":"","format":"standard","meta":{"footnotes":""},"categories":[3,8],"tags":[],"class_list":["post-999","post","type-post","status-publish","format-standard","hentry","category-actualite","category-linux-2"],"_links":{"self":[{"href":"https:\/\/www.blaess.fr\/christophe\/wp-json\/wp\/v2\/posts\/999","targetHints":{"allow":["GET"]}}],"collection":[{"href":"https:\/\/www.blaess.fr\/christophe\/wp-json\/wp\/v2\/posts"}],"about":[{"href":"https:\/\/www.blaess.fr\/christophe\/wp-json\/wp\/v2\/types\/post"}],"author":[{"embeddable":true,"href":"https:\/\/www.blaess.fr\/christophe\/wp-json\/wp\/v2\/users\/1"}],"replies":[{"embeddable":true,"href":"https:\/\/www.blaess.fr\/christophe\/wp-json\/wp\/v2\/comments?post=999"}],"version-history":[{"count":0,"href":"https:\/\/www.blaess.fr\/christophe\/wp-json\/wp\/v2\/posts\/999\/revisions"}],"wp:attachment":[{"href":"https:\/\/www.blaess.fr\/christophe\/wp-json\/wp\/v2\/media?parent=999"}],"wp:term":[{"taxonomy":"category","embeddable":true,"href":"https:\/\/www.blaess.fr\/christophe\/wp-json\/wp\/v2\/categories?post=999"},{"taxonomy":"post_tag","embeddable":true,"href":"https:\/\/www.blaess.fr\/christophe\/wp-json\/wp\/v2\/tags?post=999"}],"curies":[{"name":"wp","href":"https:\/\/api.w.org\/{rel}","templated":true}]}}